{"id":2334,"date":"2024-01-11T14:36:19","date_gmt":"2024-01-11T17:36:19","guid":{"rendered":"http:\/\/webfacsa.ubiobio.cl\/?p=2334"},"modified":"2024-01-11T14:37:10","modified_gmt":"2024-01-11T17:37:10","slug":"academica-y-directora-del-magister-en-salud-publica-obtiene-su-grado-de-doctora","status":"publish","type":"post","link":"http:\/\/webfacsa.ubiobio.cl\/index.php\/academica-y-directora-del-magister-en-salud-publica-obtiene-su-grado-de-doctora\/","title":{"rendered":"Acad\u00e9mica y directora del Mag\u00edster en Salud P\u00fablica obtiene su grado de Doctora"},"content":{"rendered":"\n<p><em>La Dra. Solange Parra defendi\u00f3 recientemente su tesis doctoral en la Universidad de Glasgow.<\/em><\/p>\n\n\n\n<p>Luego de cuatro a\u00f1os de intensos estudios, la <strong>acad\u00e9mica del Departamento de Nutrici\u00f3n y Salud P\u00fablica y directora del Mag\u00edster en Salud P\u00fablica de la Facultad de Ciencias de la Salud y de los Alimentos<\/strong>, <strong>Solange Parra Soto<\/strong>, obtuvo su <strong>grado de Doctora en Salud P\u00fablica de la Universidad de Glasgow, ubicada en Escocia, Reino Unido.<\/strong><\/p>\n\n\n\n<p>La \u00faltima etapa de este proceso tuvo lugar recientemente a trav\u00e9s de su <strong>Defensa de Tesis o Viva<\/strong>, donde de manera virtual <strong>se reuni\u00f3 con los revisores durante tres horas<\/strong> y, revisaron hoja por hoja, su <strong>tesis doctoral<\/strong>.<\/p>\n\n\n\n<p>\u201cPara m\u00ed fue s\u00faper grato, la comisi\u00f3n fue muy amable, sus preguntas concretas, as\u00ed que debo decir que disfrut\u00e9 esta parte final. Solo debo realizar correcciones menores, que es lo que se espera, as\u00ed que estamos a\u00fan en eso y, en marzo a m\u00e1s tardar, debiera tener mi <strong>t\u00edtulo de Doctora en Salud P\u00fablica de la Universidad de Glasgow<\/strong>\u201d, detall\u00f3 la nutricionista.<\/p>\n\n\n\n<p>Respecto a las dificultades que enfrent\u00f3 durante el desarrollo de sus estudios doctorales, la acad\u00e9mica FACSA se\u00f1al\u00f3 que <strong>lo m\u00e1s complicado para ella fue el factor emocional<\/strong>, dado que la distancia y la pandemia sumaron m\u00e1s estr\u00e9s que en t\u00e9rminos de lo acad\u00e9mico. \u201cYo creo que uno debe ser <strong>m\u00e1s persistente que muy inteligente<\/strong>. Pero en general fue una tremenda experiencia que sin duda me prepar\u00f3 para lo que viene ahora\u201d, agreg\u00f3.<\/p>\n\n\n\n<p>Luego, destac\u00f3: \u201c<strong>Tengo muchos agradecimientos a todas y todos quienes fueron parte de este proceso<\/strong>, especialmente a mi supervisor <strong>Carlos Celis, a mi pareja y por supuesto al Departamento<\/strong> que me acogi\u00f3 y esper\u00f3 un a\u00f1o para que terminara. Siempre tuve el apoyo de mi jefatura, liderada por el <strong>Dr. Julio Parra Flores<\/strong>, y de muchas y muchos de mis <strong>colegas<\/strong>\u201d.<\/p>\n\n\n\n<p>Lo pr\u00f3ximo para la directora del Mag\u00edster en Salud P\u00fablica es <strong>finalizar detalles administrativos de la tesis y abocarse de lleno al mundo acad\u00e9mico<\/strong>, por lo que la idea es tratar de sacarle el mayor lustre a su grado y <strong>adjudicar, dirigir, aplicar y publicar proyectos<\/strong>.<\/p>\n\n\n<div class=\"wp-block-image\">\n<figure class=\"aligncenter size-full\"><img loading=\"lazy\" width=\"741\" height=\"433\" src=\"http:\/\/webfacsa.ubiobio.cl\/wp-content\/uploads\/2024\/01\/482548CB-C6F8-432B-9F0F-4179162979AE.jpeg\" alt=\"Acad\u00e9mica y directora del Mag\u00edster en Salud P\u00fablica obtiene su grado de Doctora 2\" class=\"wp-image-2337\" srcset=\"http:\/\/webfacsa.ubiobio.cl\/wp-content\/uploads\/2024\/01\/482548CB-C6F8-432B-9F0F-4179162979AE.jpeg 741w, http:\/\/webfacsa.ubiobio.cl\/wp-content\/uploads\/2024\/01\/482548CB-C6F8-432B-9F0F-4179162979AE-400x234.jpeg 400w, http:\/\/webfacsa.ubiobio.cl\/wp-content\/uploads\/2024\/01\/482548CB-C6F8-432B-9F0F-4179162979AE-685x400.jpeg 685w\" sizes=\"(max-width: 741px) 100vw, 741px\" \/><\/figure><\/div>","protected":false},"excerpt":{"rendered":"<p>La Dra. Solange Parra defendi\u00f3 recientemente su tesis doctoral en la Universidad de Glasgow. Luego de cuatro a\u00f1os de intensos estudios, la acad\u00e9mica del Departamento de Nutrici\u00f3n y Salud P\u00fablica y directora del Mag\u00edster en Salud P\u00fablica de la Facultad de Ciencias de la Salud y de los Alimentos, Solange Parra Soto, obtuvo su grado [&hellip;]<\/p>\n","protected":false},"author":3,"featured_media":2335,"comment_status":"open","ping_status":"open","sticky":false,"template":"","format":"standard","meta":[],"categories":[1],"tags":[],"_links":{"self":[{"href":"http:\/\/webfacsa.ubiobio.cl\/index.php\/wp-json\/wp\/v2\/posts\/2334"}],"collection":[{"href":"http:\/\/webfacsa.ubiobio.cl\/index.php\/wp-json\/wp\/v2\/posts"}],"about":[{"href":"http:\/\/webfacsa.ubiobio.cl\/index.php\/wp-json\/wp\/v2\/types\/post"}],"author":[{"embeddable":true,"href":"http:\/\/webfacsa.ubiobio.cl\/index.php\/wp-json\/wp\/v2\/users\/3"}],"replies":[{"embeddable":true,"href":"http:\/\/webfacsa.ubiobio.cl\/index.php\/wp-json\/wp\/v2\/comments?post=2334"}],"version-history":[{"count":2,"href":"http:\/\/webfacsa.ubiobio.cl\/index.php\/wp-json\/wp\/v2\/posts\/2334\/revisions"}],"predecessor-version":[{"id":2338,"href":"http:\/\/webfacsa.ubiobio.cl\/index.php\/wp-json\/wp\/v2\/posts\/2334\/revisions\/2338"}],"wp:featuredmedia":[{"embeddable":true,"href":"http:\/\/webfacsa.ubiobio.cl\/index.php\/wp-json\/wp\/v2\/media\/2335"}],"wp:attachment":[{"href":"http:\/\/webfacsa.ubiobio.cl\/index.php\/wp-json\/wp\/v2\/media?parent=2334"}],"wp:term":[{"taxonomy":"category","embeddable":true,"href":"http:\/\/webfacsa.ubiobio.cl\/index.php\/wp-json\/wp\/v2\/categories?post=2334"},{"taxonomy":"post_tag","embeddable":true,"href":"http:\/\/webfacsa.ubiobio.cl\/index.php\/wp-json\/wp\/v2\/tags?post=2334"}],"curies":[{"name":"wp","href":"https:\/\/api.w.org\/{rel}","templated":true}]}}