{"id":3421,"date":"2025-07-23T13:25:00","date_gmt":"2025-07-23T17:25:00","guid":{"rendered":"http:\/\/webfacsa.ubiobio.cl\/?p=3421"},"modified":"2025-07-25T13:36:45","modified_gmt":"2025-07-25T17:36:45","slug":"academico-facsa-obtiene-primer-lugar-en-congreso-internacional-de-nutricion-en-colombia","status":"publish","type":"post","link":"http:\/\/webfacsa.ubiobio.cl\/index.php\/academico-facsa-obtiene-primer-lugar-en-congreso-internacional-de-nutricion-en-colombia\/","title":{"rendered":"Acad\u00e9mico FACSA obtiene primer lugar en Congreso Internacional de Nutrici\u00f3n en Colombia"},"content":{"rendered":"\n<p>El Dr. Julio Parra Flores, director y acad\u00e9mico del Departamento de Nutrici\u00f3n y Salud P\u00fablica de la Facultad de Ciencias de la Salud y de los Alimentos de la Universidad del B\u00edo-B\u00edo, fue distinguido con el primer lugar en la categor\u00eda de Comunicaciones Cortas Profesionales durante el XX Congreso Colombiano de Nutrici\u00f3n y Diet\u00e9tica y IV Congreso Internacional de Alimentaci\u00f3n y Nutrici\u00f3n, realizado en la Pontificia Universidad Javeriana de Cali.<\/p>\n\n\n\n<p>El congreso, organizado por la Asociaci\u00f3n Colombiana de Dietistas y Nutricionistas (ACODIN), reuni\u00f3 a profesionales, investigadores y estudiantes de distintos niveles formativos, y estableci\u00f3 competencias diferenciadas entre profesores universitarios, profesionales, y estudiantes de pre y postgrado.<\/p>\n\n\n\n<p>En esta instancia, el Dr. Parra present\u00f3 dos investigaciones vinculadas a l\u00edneas estrat\u00e9gicas del Departamento de Nutrici\u00f3n y Salud P\u00fablica. La primera, titulada \u201cEl uso de esporas de hongos end\u00f3fitos ant\u00e1rticos para reducir la demanda de riego en la producci\u00f3n de vegetales\u201d, se adjudic\u00f3 el primer lugar en su categor\u00eda. Esta investigaci\u00f3n, que forma parte de un proyecto Fondef, aborda soluciones innovadoras para la sostenibilidad h\u00eddrica en sistemas alimentarios, explorando el potencial de microorganismos adaptados a condiciones extremas como una herramienta biotecnol\u00f3gica para enfrentar el cambio clim\u00e1tico. El reconocimiento fue compartido con el investigador colombiano Jofr\u00e1n Carrera.<\/p>\n\n\n\n<p>La segunda ponencia del acad\u00e9mico, \u201cCaracterizaci\u00f3n genot\u00edpica y fenot\u00edpica de cepas de cronobacter aisladas de leche en polvo\u201d, expuso resultados de un estudio enfocado en la seguridad alimentaria infantil, alertando sobre la presencia de microorganismos pat\u00f3genos en productos de consumo masivo.<\/p>\n\n\n\n<p>\u201cEl congreso fue una oportunidad para evidenciar c\u00f3mo nuestras investigaciones no solo responden a desaf\u00edos regionales, sino que tambi\u00e9n dialogan con problem\u00e1ticas globales que requieren soluciones interdisciplinarias. En particular, la conexi\u00f3n entre microbiolog\u00eda, salud p\u00fablica y sostenibilidad alimentaria nos abre un espacio de colaboraci\u00f3n real en escenarios internacionales\u201d, explic\u00f3 el Dr. Parra.<\/p>\n\n\n\n<p>Durante su estad\u00eda en Colombia, el acad\u00e9mico tambi\u00e9n sostuvo una reuni\u00f3n de trabajo con la Dra. Mar\u00eda del Pilar Zea Le\u00f3n, directora del Departamento de Alimentaci\u00f3n y Nutrici\u00f3n, y con la Dra. Ana Luc\u00eda Valenzuela Gallego, directora del Programa de Nutrici\u00f3n y Diet\u00e9tica de la Pontificia Universidad Javeriana. El encuentro tuvo como objetivo activar un convenio previo entre ambas casas de estudio, explorando posibilidades concretas de intercambio docente, movilidad estudiantil y desarrollo conjunto de programas de postgrado.<\/p>\n\n\n\n<figure class=\"wp-container-2 wp-block-gallery-1 wp-block-gallery has-nested-images columns-default is-cropped\">\n<figure class=\"wp-block-image size-large\"><img loading=\"lazy\" width=\"300\" height=\"400\" data-id=\"3423\"  src=\"http:\/\/webfacsa.ubiobio.cl\/wp-content\/uploads\/2025\/07\/372025dc-3095-4db8-b7b6-bc1739d6db92-300x400.jpg\" alt=\"\" class=\"wp-image-3423\" srcset=\"http:\/\/webfacsa.ubiobio.cl\/wp-content\/uploads\/2025\/07\/372025dc-3095-4db8-b7b6-bc1739d6db92-300x400.jpg 300w, http:\/\/webfacsa.ubiobio.cl\/wp-content\/uploads\/2025\/07\/372025dc-3095-4db8-b7b6-bc1739d6db92-225x300.jpg 225w, http:\/\/webfacsa.ubiobio.cl\/wp-content\/uploads\/2025\/07\/372025dc-3095-4db8-b7b6-bc1739d6db92-768x1024.jpg 768w, http:\/\/webfacsa.ubiobio.cl\/wp-content\/uploads\/2025\/07\/372025dc-3095-4db8-b7b6-bc1739d6db92.jpg 1099w\" sizes=\"(max-width: 300px) 100vw, 300px\" \/><\/figure>\n\n\n\n<figure class=\"wp-block-image size-large\"><img loading=\"lazy\" width=\"300\" height=\"400\" data-id=\"3427\"  src=\"http:\/\/webfacsa.ubiobio.cl\/wp-content\/uploads\/2025\/07\/e0697be1-a659-476d-ab7b-f7257efe3017-300x400.jpg\" alt=\"\" class=\"wp-image-3427\" srcset=\"http:\/\/webfacsa.ubiobio.cl\/wp-content\/uploads\/2025\/07\/e0697be1-a659-476d-ab7b-f7257efe3017-300x400.jpg 300w, http:\/\/webfacsa.ubiobio.cl\/wp-content\/uploads\/2025\/07\/e0697be1-a659-476d-ab7b-f7257efe3017-225x300.jpg 225w, http:\/\/webfacsa.ubiobio.cl\/wp-content\/uploads\/2025\/07\/e0697be1-a659-476d-ab7b-f7257efe3017-768x1024.jpg 768w, http:\/\/webfacsa.ubiobio.cl\/wp-content\/uploads\/2025\/07\/e0697be1-a659-476d-ab7b-f7257efe3017-1152x1536.jpg 1152w, http:\/\/webfacsa.ubiobio.cl\/wp-content\/uploads\/2025\/07\/e0697be1-a659-476d-ab7b-f7257efe3017.jpg 1162w\" sizes=\"(max-width: 300px) 100vw, 300px\" \/><\/figure>\n\n\n\n<figure class=\"wp-block-image size-large\"><img loading=\"lazy\" width=\"300\" height=\"400\" data-id=\"3424\"  src=\"http:\/\/webfacsa.ubiobio.cl\/wp-content\/uploads\/2025\/07\/c577b174-7469-4f0d-aec5-b4b25cf0cdb4-300x400.jpg\" alt=\"\" class=\"wp-image-3424\" srcset=\"http:\/\/webfacsa.ubiobio.cl\/wp-content\/uploads\/2025\/07\/c577b174-7469-4f0d-aec5-b4b25cf0cdb4-300x400.jpg 300w, http:\/\/webfacsa.ubiobio.cl\/wp-content\/uploads\/2025\/07\/c577b174-7469-4f0d-aec5-b4b25cf0cdb4-225x300.jpg 225w, http:\/\/webfacsa.ubiobio.cl\/wp-content\/uploads\/2025\/07\/c577b174-7469-4f0d-aec5-b4b25cf0cdb4-768x1024.jpg 768w, http:\/\/webfacsa.ubiobio.cl\/wp-content\/uploads\/2025\/07\/c577b174-7469-4f0d-aec5-b4b25cf0cdb4.jpg 1091w\" sizes=\"(max-width: 300px) 100vw, 300px\" \/><\/figure>\n\n\n\n<figure class=\"wp-block-image size-large\"><img loading=\"lazy\" width=\"300\" height=\"400\" data-id=\"3426\"  src=\"http:\/\/webfacsa.ubiobio.cl\/wp-content\/uploads\/2025\/07\/a2d4c5c2-8736-4357-9edf-3df32a1c50df-300x400.jpg\" alt=\"\" class=\"wp-image-3426\" srcset=\"http:\/\/webfacsa.ubiobio.cl\/wp-content\/uploads\/2025\/07\/a2d4c5c2-8736-4357-9edf-3df32a1c50df-300x400.jpg 300w, http:\/\/webfacsa.ubiobio.cl\/wp-content\/uploads\/2025\/07\/a2d4c5c2-8736-4357-9edf-3df32a1c50df-225x300.jpg 225w, http:\/\/webfacsa.ubiobio.cl\/wp-content\/uploads\/2025\/07\/a2d4c5c2-8736-4357-9edf-3df32a1c50df-768x1024.jpg 768w, http:\/\/webfacsa.ubiobio.cl\/wp-content\/uploads\/2025\/07\/a2d4c5c2-8736-4357-9edf-3df32a1c50df.jpg 1133w\" sizes=\"(max-width: 300px) 100vw, 300px\" \/><\/figure>\n\n\n\n<figure class=\"wp-block-image size-large\"><img loading=\"lazy\" width=\"300\" height=\"400\" data-id=\"3425\"  src=\"http:\/\/webfacsa.ubiobio.cl\/wp-content\/uploads\/2025\/07\/2ae73ae5-3377-4e0d-976e-7adb384188e1-300x400.jpg\" alt=\"\" class=\"wp-image-3425\" srcset=\"http:\/\/webfacsa.ubiobio.cl\/wp-content\/uploads\/2025\/07\/2ae73ae5-3377-4e0d-976e-7adb384188e1-300x400.jpg 300w, http:\/\/webfacsa.ubiobio.cl\/wp-content\/uploads\/2025\/07\/2ae73ae5-3377-4e0d-976e-7adb384188e1-225x300.jpg 225w, http:\/\/webfacsa.ubiobio.cl\/wp-content\/uploads\/2025\/07\/2ae73ae5-3377-4e0d-976e-7adb384188e1-768x1024.jpg 768w, http:\/\/webfacsa.ubiobio.cl\/wp-content\/uploads\/2025\/07\/2ae73ae5-3377-4e0d-976e-7adb384188e1.jpg 1058w\" sizes=\"(max-width: 300px) 100vw, 300px\" \/><\/figure>\n<\/figure>\n","protected":false},"excerpt":{"rendered":"<p>El Dr. Julio Parra Flores, director y acad\u00e9mico del Departamento de Nutrici\u00f3n y Salud P\u00fablica de la Facultad de Ciencias de la Salud y de los Alimentos de la Universidad del B\u00edo-B\u00edo, fue distinguido con el primer lugar en la categor\u00eda de Comunicaciones Cortas Profesionales durante el XX Congreso Colombiano de Nutrici\u00f3n y Diet\u00e9tica y [&hellip;]<\/p>\n","protected":false},"author":3,"featured_media":3422,"comment_status":"open","ping_status":"open","sticky":false,"template":"","format":"standard","meta":[],"categories":[1],"tags":[],"_links":{"self":[{"href":"http:\/\/webfacsa.ubiobio.cl\/index.php\/wp-json\/wp\/v2\/posts\/3421"}],"collection":[{"href":"http:\/\/webfacsa.ubiobio.cl\/index.php\/wp-json\/wp\/v2\/posts"}],"about":[{"href":"http:\/\/webfacsa.ubiobio.cl\/index.php\/wp-json\/wp\/v2\/types\/post"}],"author":[{"embeddable":true,"href":"http:\/\/webfacsa.ubiobio.cl\/index.php\/wp-json\/wp\/v2\/users\/3"}],"replies":[{"embeddable":true,"href":"http:\/\/webfacsa.ubiobio.cl\/index.php\/wp-json\/wp\/v2\/comments?post=3421"}],"version-history":[{"count":1,"href":"http:\/\/webfacsa.ubiobio.cl\/index.php\/wp-json\/wp\/v2\/posts\/3421\/revisions"}],"predecessor-version":[{"id":3428,"href":"http:\/\/webfacsa.ubiobio.cl\/index.php\/wp-json\/wp\/v2\/posts\/3421\/revisions\/3428"}],"wp:featuredmedia":[{"embeddable":true,"href":"http:\/\/webfacsa.ubiobio.cl\/index.php\/wp-json\/wp\/v2\/media\/3422"}],"wp:attachment":[{"href":"http:\/\/webfacsa.ubiobio.cl\/index.php\/wp-json\/wp\/v2\/media?parent=3421"}],"wp:term":[{"taxonomy":"category","embeddable":true,"href":"http:\/\/webfacsa.ubiobio.cl\/index.php\/wp-json\/wp\/v2\/categories?post=3421"},{"taxonomy":"post_tag","embeddable":true,"href":"http:\/\/webfacsa.ubiobio.cl\/index.php\/wp-json\/wp\/v2\/tags?post=3421"}],"curies":[{"name":"wp","href":"https:\/\/api.w.org\/{rel}","templated":true}]}}