{"id":5780,"date":"2026-08-31T10:06:37","date_gmt":"2026-08-31T14:06:37","guid":{"rendered":"http:\/\/webfacsa.ubiobio.cl\/?p=5780"},"modified":"2026-08-31T10:06:37","modified_gmt":"2026-08-31T14:06:37","slug":"academico-facsa-ubb-participa-en-encuentro-nacional-sobre-ciencia","status":"publish","type":"post","link":"https:\/\/webfacsa.ubiobio.cl\/index.php\/academico-facsa-ubb-participa-en-encuentro-nacional-sobre-ciencia\/","title":{"rendered":"Acad\u00e9mico FACSA UBB participa en encuentro nacional sobre ciencia"},"content":{"rendered":"\n<p>El acad\u00e9mico del Departamento de Ciencias de la Rehabilitaci\u00f3n en Salud de la Facultad de Ciencias de la Salud y de los Alimentos de la Universidad del B\u00edo-B\u00edo, Dr. Jaime Crisosto Alarc\u00f3n, particip\u00f3 en una reuni\u00f3n con la ministra de Ciencia y Tecnolog\u00eda, Ximena Lincolao, realizada en dependencias del Ministerio, en Santiago.<\/p>\n\n\n\n<p>La cita convoc\u00f3 a representantes de sociedades cient\u00edficas de distintos \u00e1mbitos del quehacer nacional, con el prop\u00f3sito de conocer sus principales inquietudes y abordar posibilidades de trabajo articulado entre las diversas \u00e1reas del conocimiento.<\/p>\n\n\n\n<p>En su calidad de representante de las Sociedades Cient\u00edficas de Salud no M\u00e9dicas, el Dr. Crisosto Alarc\u00f3n particip\u00f3 junto a la Dra. Nerea Aldunate, representante de las Sociedades Cient\u00edficas de Humanidades y Ciencias Sociales; la Dra. Claudia Saavedra, representante de las Sociedades Cient\u00edficas de Ciencias Biol\u00f3gicas; y la Dra. Carolina Marchant, representante de las Sociedades Cient\u00edficas de Matem\u00e1ticas.<\/p>\n\n\n\n<p>Desde su rol como representante de las Sociedades Cient\u00edficas de Salud no M\u00e9dicas, el Dr. Crisosto destac\u00f3 el valor de esta convocatoria y la posibilidad de recoger las perspectivas de quienes desarrollan su labor en diferentes \u00e1mbitos del conocimiento. <em>\u201cFue una gran oportunidad para conocer las inquietudes de las sociedades cient\u00edficas de distintas \u00e1reas y, al mismo tiempo, compartir nuestras propias perspectivas. Este tipo de encuentros permite reconocer la amplitud del quehacer cient\u00edfico y la necesidad de considerar las particularidades de cada disciplina para avanzar en un trabajo articulado\u201d,<\/em> se\u00f1al\u00f3 el acad\u00e9mico.<\/p>\n\n\n\n<p>Para la FACSA UBB, la participaci\u00f3n del Dr. Jaime Crisosto releva la presencia de las ciencias de la salud no m\u00e9dicas en espacios vinculados a la discusi\u00f3n y proyecci\u00f3n del quehacer cient\u00edfico nacional. Su representaci\u00f3n contribuye a visibilizar disciplinas que, desde diferentes \u00e1mbitos, aportan a la generaci\u00f3n de conocimiento y al abordaje de necesidades relacionadas con la salud y el bienestar de la poblaci\u00f3n.<\/p>\n","protected":false},"excerpt":{"rendered":"<p>El acad\u00e9mico del Departamento de Ciencias de la Rehabilitaci\u00f3n en Salud de la Facultad de Ciencias de la Salud y de los Alimentos de la Universidad del B\u00edo-B\u00edo, Dr. Jaime Crisosto Alarc\u00f3n, particip\u00f3 en una reuni\u00f3n con la ministra de Ciencia y Tecnolog\u00eda, Ximena Lincolao, realizada en dependencias del Ministerio, en Santiago. La cita convoc\u00f3 [&hellip;]<\/p>\n","protected":false},"author":3,"featured_media":5781,"comment_status":"open","ping_status":"open","sticky":false,"template":"","format":"standard","meta":[],"categories":[1],"tags":[],"_links":{"self":[{"href":"https:\/\/webfacsa.ubiobio.cl\/index.php\/wp-json\/wp\/v2\/posts\/5780"}],"collection":[{"href":"https:\/\/webfacsa.ubiobio.cl\/index.php\/wp-json\/wp\/v2\/posts"}],"about":[{"href":"https:\/\/webfacsa.ubiobio.cl\/index.php\/wp-json\/wp\/v2\/types\/post"}],"author":[{"embeddable":true,"href":"https:\/\/webfacsa.ubiobio.cl\/index.php\/wp-json\/wp\/v2\/users\/3"}],"replies":[{"embeddable":true,"href":"https:\/\/webfacsa.ubiobio.cl\/index.php\/wp-json\/wp\/v2\/comments?post=5780"}],"version-history":[{"count":1,"href":"https:\/\/webfacsa.ubiobio.cl\/index.php\/wp-json\/wp\/v2\/posts\/5780\/revisions"}],"predecessor-version":[{"id":5782,"href":"https:\/\/webfacsa.ubiobio.cl\/index.php\/wp-json\/wp\/v2\/posts\/5780\/revisions\/5782"}],"wp:featuredmedia":[{"embeddable":true,"href":"https:\/\/webfacsa.ubiobio.cl\/index.php\/wp-json\/wp\/v2\/media\/5781"}],"wp:attachment":[{"href":"https:\/\/webfacsa.ubiobio.cl\/index.php\/wp-json\/wp\/v2\/media?parent=5780"}],"wp:term":[{"taxonomy":"category","embeddable":true,"href":"https:\/\/webfacsa.ubiobio.cl\/index.php\/wp-json\/wp\/v2\/categories?post=5780"},{"taxonomy":"post_tag","embeddable":true,"href":"https:\/\/webfacsa.ubiobio.cl\/index.php\/wp-json\/wp\/v2\/tags?post=5780"}],"curies":[{"name":"wp","href":"https:\/\/api.w.org\/{rel}","templated":true}]}}