{"id":5786,"date":"2026-08-26T11:43:00","date_gmt":"2026-08-26T15:43:00","guid":{"rendered":"http:\/\/webfacsa.ubiobio.cl\/?p=5786"},"modified":"2026-08-31T11:44:41","modified_gmt":"2026-08-31T15:44:41","slug":"director-de-medicina-ubb-aborda-vinculo-entre-lactancia-y-salud-respiratoria","status":"publish","type":"post","link":"https:\/\/webfacsa.ubiobio.cl\/index.php\/director-de-medicina-ubb-aborda-vinculo-entre-lactancia-y-salud-respiratoria\/","title":{"rendered":"Director de Medicina UBB aborda v\u00ednculo entre lactancia y salud respiratoria"},"content":{"rendered":"\n<p>En el marco del Seminario Regional de Lactancia Materna 2026, el director de la Escuela de Medicina de la Universidad del B\u00edo-B\u00edo, Dr. El\u00edas Kassisse El Hage, particip\u00f3 como expositor con la presentaci\u00f3n \u201cBeneficios de la Lactancia Materna y Enfermedades Respiratorias\u201d, aportando una mirada m\u00e9dica a una tem\u00e1tica de especial relevancia para la salud durante los primeros a\u00f1os de vida.<\/p>\n\n\n\n<p>La actividad reuni\u00f3 durante un d\u00eda y medio a estudiantes y profesionales del \u00e1rea de la salud, quienes participaron en una instancia orientada a fortalecer conocimientos y competencias vinculadas con la promoci\u00f3n, protecci\u00f3n y apoyo de la lactancia materna.<\/p>\n\n\n\n<p>Durante su exposici\u00f3n, el Dr. Kassisse El Hage abord\u00f3 los beneficios de la lactancia materna en relaci\u00f3n con la salud respiratoria, relevando su importancia como parte de las estrategias de protecci\u00f3n de la salud infantil. Su presentaci\u00f3n permiti\u00f3 profundizar en el v\u00ednculo entre las pr\u00e1cticas de alimentaci\u00f3n durante los primeros meses de vida y la prevenci\u00f3n de enfermedades respiratorias.<\/p>\n\n\n\n<p>Al respecto, el acad\u00e9mico se\u00f1al\u00f3 que la lactancia materna constituye un factor relevante dentro del cuidado integral de ni\u00f1as y ni\u00f1os, particularmente por los componentes de la leche humana que contribuyen a la protecci\u00f3n frente a distintas infecciones. <em>\u201cLa lactancia materna entrega una serie de componentes inmunol\u00f3gicos y nutricionales que favorecen el desarrollo y la protecci\u00f3n del reci\u00e9n nacido y del lactante. Desde el punto de vista respiratorio, existe evidencia que muestra una menor frecuencia y gravedad de algunas infecciones en ni\u00f1as y ni\u00f1os que reciben leche materna, por lo que promoverla y acompa\u00f1ar adecuadamente a quienes amamantan constituye una acci\u00f3n importante de salud p\u00fablica\u201d,<\/em> explic\u00f3 el Dr. Kassisse.<\/p>\n\n\n\n<p>La jornada fue organizada en el marco del Programa de Extensi\u00f3n Relevante \u201cPromoci\u00f3n de la Salud y Prevenci\u00f3n de Enfermedades en \u00d1uble: Abordaje Integral e Interdisciplinario 2025-2026\u201d de la UBB, en conjunto con el Comit\u00e9 Regional Intersectorial de Lactancia Materna de la SEREMI de Salud de \u00d1uble, y cont\u00f3 con la participaci\u00f3n del Servicio de Salud \u00d1uble.<\/p>\n\n\n\n<p>La participaci\u00f3n del director de la Escuela de Medicina UBB en esta instancia contribuy\u00f3 a incorporar la perspectiva m\u00e9dica a un espacio de formaci\u00f3n interdisciplinaria, acercando conocimientos asociados a la lactancia y sus beneficios a estudiantes y profesionales que tendr\u00e1n un rol directo en el acompa\u00f1amiento de ni\u00f1as, ni\u00f1os y sus familias.<\/p>\n\n\n\n<figure class=\"wp-container-2 wp-block-gallery-1 wp-block-gallery has-nested-images columns-default is-cropped\">\n<figure class=\"wp-block-image size-large\"><img loading=\"lazy\" width=\"600\" height=\"400\" data-id=\"5788\"  src=\"http:\/\/webfacsa.ubiobio.cl\/wp-content\/uploads\/2026\/08\/WhatsApp-Image-2026-08-31-at-11.41.21-600x400.jpeg\" alt=\"\" class=\"wp-image-5788\" srcset=\"https:\/\/webfacsa.ubiobio.cl\/wp-content\/uploads\/2026\/08\/WhatsApp-Image-2026-08-31-at-11.41.21-600x400.jpeg 600w, https:\/\/webfacsa.ubiobio.cl\/wp-content\/uploads\/2026\/08\/WhatsApp-Image-2026-08-31-at-11.41.21-400x267.jpeg 400w, https:\/\/webfacsa.ubiobio.cl\/wp-content\/uploads\/2026\/08\/WhatsApp-Image-2026-08-31-at-11.41.21-768x512.jpeg 768w, https:\/\/webfacsa.ubiobio.cl\/wp-content\/uploads\/2026\/08\/WhatsApp-Image-2026-08-31-at-11.41.21-1536x1024.jpeg 1536w, https:\/\/webfacsa.ubiobio.cl\/wp-content\/uploads\/2026\/08\/WhatsApp-Image-2026-08-31-at-11.41.21.jpeg 1599w\" sizes=\"(max-width: 600px) 100vw, 600px\" \/><\/figure>\n\n\n\n<figure class=\"wp-block-image size-large\"><img loading=\"lazy\" width=\"600\" height=\"400\" data-id=\"5793\"  src=\"http:\/\/webfacsa.ubiobio.cl\/wp-content\/uploads\/2026\/08\/IMG_9891-600x400.jpg\" alt=\"\" class=\"wp-image-5793\" srcset=\"https:\/\/webfacsa.ubiobio.cl\/wp-content\/uploads\/2026\/08\/IMG_9891-600x400.jpg 600w, https:\/\/webfacsa.ubiobio.cl\/wp-content\/uploads\/2026\/08\/IMG_9891-400x267.jpg 400w, https:\/\/webfacsa.ubiobio.cl\/wp-content\/uploads\/2026\/08\/IMG_9891-768x512.jpg 768w, https:\/\/webfacsa.ubiobio.cl\/wp-content\/uploads\/2026\/08\/IMG_9891-1536x1024.jpg 1536w, https:\/\/webfacsa.ubiobio.cl\/wp-content\/uploads\/2026\/08\/IMG_9891.jpg 1620w\" sizes=\"(max-width: 600px) 100vw, 600px\" \/><\/figure>\n\n\n\n<figure class=\"wp-block-image size-large\"><img loading=\"lazy\" width=\"600\" height=\"400\" data-id=\"5790\"  src=\"http:\/\/webfacsa.ubiobio.cl\/wp-content\/uploads\/2026\/08\/IMG_9743-600x400.jpg\" alt=\"\" class=\"wp-image-5790\" srcset=\"https:\/\/webfacsa.ubiobio.cl\/wp-content\/uploads\/2026\/08\/IMG_9743-600x400.jpg 600w, https:\/\/webfacsa.ubiobio.cl\/wp-content\/uploads\/2026\/08\/IMG_9743-400x267.jpg 400w, https:\/\/webfacsa.ubiobio.cl\/wp-content\/uploads\/2026\/08\/IMG_9743-768x512.jpg 768w, https:\/\/webfacsa.ubiobio.cl\/wp-content\/uploads\/2026\/08\/IMG_9743-1536x1024.jpg 1536w, https:\/\/webfacsa.ubiobio.cl\/wp-content\/uploads\/2026\/08\/IMG_9743.jpg 1620w\" sizes=\"(max-width: 600px) 100vw, 600px\" \/><\/figure>\n\n\n\n<figure class=\"wp-block-image size-large\"><img loading=\"lazy\" width=\"600\" height=\"400\" data-id=\"5789\"  src=\"http:\/\/webfacsa.ubiobio.cl\/wp-content\/uploads\/2026\/08\/IMG_9621-600x400.jpg\" alt=\"\" class=\"wp-image-5789\" srcset=\"https:\/\/webfacsa.ubiobio.cl\/wp-content\/uploads\/2026\/08\/IMG_9621-600x400.jpg 600w, https:\/\/webfacsa.ubiobio.cl\/wp-content\/uploads\/2026\/08\/IMG_9621-400x267.jpg 400w, https:\/\/webfacsa.ubiobio.cl\/wp-content\/uploads\/2026\/08\/IMG_9621-768x512.jpg 768w, https:\/\/webfacsa.ubiobio.cl\/wp-content\/uploads\/2026\/08\/IMG_9621-1536x1024.jpg 1536w, https:\/\/webfacsa.ubiobio.cl\/wp-content\/uploads\/2026\/08\/IMG_9621.jpg 1620w\" sizes=\"(max-width: 600px) 100vw, 600px\" \/><\/figure>\n\n\n\n<figure class=\"wp-block-image size-large\"><img loading=\"lazy\" width=\"600\" height=\"400\" data-id=\"5792\"  src=\"http:\/\/webfacsa.ubiobio.cl\/wp-content\/uploads\/2026\/08\/IMG_9698-600x400.jpg\" alt=\"\" class=\"wp-image-5792\" srcset=\"https:\/\/webfacsa.ubiobio.cl\/wp-content\/uploads\/2026\/08\/IMG_9698-600x400.jpg 600w, https:\/\/webfacsa.ubiobio.cl\/wp-content\/uploads\/2026\/08\/IMG_9698-400x267.jpg 400w, https:\/\/webfacsa.ubiobio.cl\/wp-content\/uploads\/2026\/08\/IMG_9698-768x512.jpg 768w, https:\/\/webfacsa.ubiobio.cl\/wp-content\/uploads\/2026\/08\/IMG_9698-1536x1024.jpg 1536w, https:\/\/webfacsa.ubiobio.cl\/wp-content\/uploads\/2026\/08\/IMG_9698.jpg 1620w\" sizes=\"(max-width: 600px) 100vw, 600px\" \/><\/figure>\n\n\n\n<figure class=\"wp-block-image size-large\"><img loading=\"lazy\" width=\"600\" height=\"400\" data-id=\"5791\"  src=\"http:\/\/webfacsa.ubiobio.cl\/wp-content\/uploads\/2026\/08\/IMG_9625-600x400.jpg\" alt=\"\" class=\"wp-image-5791\" srcset=\"https:\/\/webfacsa.ubiobio.cl\/wp-content\/uploads\/2026\/08\/IMG_9625-600x400.jpg 600w, https:\/\/webfacsa.ubiobio.cl\/wp-content\/uploads\/2026\/08\/IMG_9625-400x267.jpg 400w, https:\/\/webfacsa.ubiobio.cl\/wp-content\/uploads\/2026\/08\/IMG_9625-768x512.jpg 768w, https:\/\/webfacsa.ubiobio.cl\/wp-content\/uploads\/2026\/08\/IMG_9625-1536x1024.jpg 1536w, https:\/\/webfacsa.ubiobio.cl\/wp-content\/uploads\/2026\/08\/IMG_9625.jpg 1620w\" sizes=\"(max-width: 600px) 100vw, 600px\" \/><\/figure>\n<\/figure>\n","protected":false},"excerpt":{"rendered":"<p>En el marco del Seminario Regional de Lactancia Materna 2026, el director de la Escuela de Medicina de la Universidad del B\u00edo-B\u00edo, Dr. El\u00edas Kassisse El Hage, particip\u00f3 como expositor con la presentaci\u00f3n \u201cBeneficios de la Lactancia Materna y Enfermedades Respiratorias\u201d, aportando una mirada m\u00e9dica a una tem\u00e1tica de especial relevancia para la salud durante [&hellip;]<\/p>\n","protected":false},"author":3,"featured_media":5787,"comment_status":"open","ping_status":"open","sticky":false,"template":"","format":"standard","meta":[],"categories":[1],"tags":[],"_links":{"self":[{"href":"https:\/\/webfacsa.ubiobio.cl\/index.php\/wp-json\/wp\/v2\/posts\/5786"}],"collection":[{"href":"https:\/\/webfacsa.ubiobio.cl\/index.php\/wp-json\/wp\/v2\/posts"}],"about":[{"href":"https:\/\/webfacsa.ubiobio.cl\/index.php\/wp-json\/wp\/v2\/types\/post"}],"author":[{"embeddable":true,"href":"https:\/\/webfacsa.ubiobio.cl\/index.php\/wp-json\/wp\/v2\/users\/3"}],"replies":[{"embeddable":true,"href":"https:\/\/webfacsa.ubiobio.cl\/index.php\/wp-json\/wp\/v2\/comments?post=5786"}],"version-history":[{"count":1,"href":"https:\/\/webfacsa.ubiobio.cl\/index.php\/wp-json\/wp\/v2\/posts\/5786\/revisions"}],"predecessor-version":[{"id":5794,"href":"https:\/\/webfacsa.ubiobio.cl\/index.php\/wp-json\/wp\/v2\/posts\/5786\/revisions\/5794"}],"wp:featuredmedia":[{"embeddable":true,"href":"https:\/\/webfacsa.ubiobio.cl\/index.php\/wp-json\/wp\/v2\/media\/5787"}],"wp:attachment":[{"href":"https:\/\/webfacsa.ubiobio.cl\/index.php\/wp-json\/wp\/v2\/media?parent=5786"}],"wp:term":[{"taxonomy":"category","embeddable":true,"href":"https:\/\/webfacsa.ubiobio.cl\/index.php\/wp-json\/wp\/v2\/categories?post=5786"},{"taxonomy":"post_tag","embeddable":true,"href":"https:\/\/webfacsa.ubiobio.cl\/index.php\/wp-json\/wp\/v2\/tags?post=5786"}],"curies":[{"name":"wp","href":"https:\/\/api.w.org\/{rel}","templated":true}]}}