{"id":5795,"date":"2026-08-31T15:05:35","date_gmt":"2026-08-31T19:05:35","guid":{"rendered":"http:\/\/webfacsa.ubiobio.cl\/?p=5795"},"modified":"2026-08-31T15:05:35","modified_gmt":"2026-08-31T19:05:35","slug":"facsa-ubb-destaca-en-jornadas-que-reunieron-nutricion-e-ingenieria-en-alimentos","status":"publish","type":"post","link":"https:\/\/webfacsa.ubiobio.cl\/index.php\/facsa-ubb-destaca-en-jornadas-que-reunieron-nutricion-e-ingenieria-en-alimentos\/","title":{"rendered":"FACSA UBB destaca en jornadas que reunieron Nutrici\u00f3n e Ingenier\u00eda en Alimentos"},"content":{"rendered":"\n<p>La Facultad de Ciencias de la Salud y de los Alimentos de la Universidad del B\u00edo-B\u00edo tuvo una destacada participaci\u00f3n en las XXIV Jornadas SOCHINUT y I Jornadas Conjuntas SOCHINUT\u2013SOCHITAL \u201cInnovaci\u00f3n en Alimentos y Nutrici\u00f3n\u201d, realizadas en la Universidad San Sebasti\u00e1n, sede Bellavista, en Santiago.<\/p>\n\n\n\n<p>El encuentro reuni\u00f3 por primera vez a las comunidades cient\u00edficas de la Nutrici\u00f3n y la Ingenier\u00eda en Alimentos, convocando a profesionales, acad\u00e9micas, acad\u00e9micos, investigadoras, investigadores y estudiantes para abordar distintos desaf\u00edos vinculados con la alimentaci\u00f3n, la salud y la innovaci\u00f3n.<\/p>\n\n\n\n<p>En representaci\u00f3n de la FACSA UBB particip\u00f3 la Dra. Solange Parra Soto, acad\u00e9mica del Departamento de Nutrici\u00f3n y Salud P\u00fablica, quien fue expositora con la presentaci\u00f3n \u201cAlimentaci\u00f3n basada en plantas: una estrategia para la prevenci\u00f3n de enfermedades cr\u00f3nicas y la sostenibilidad\u201d.<\/p>\n\n\n\n<p>Durante su exposici\u00f3n, la acad\u00e9mica abord\u00f3 evidencia relacionada con la alimentaci\u00f3n basada en plantas, su v\u00ednculo con la prevenci\u00f3n de enfermedades cr\u00f3nicas y su contribuci\u00f3n a la discusi\u00f3n sobre sostenibilidad.<\/p>\n\n\n\n<p><em>\u201cLa alimentaci\u00f3n es un \u00e1mbito que permite abordar de manera integrada aspectos relacionados con la salud y el bienestar de las personas, pero tambi\u00e9n con los desaf\u00edos de sostenibilidad. En este contexto, resulta relevante generar espacios que permitan analizar la evidencia disponible y promover una discusi\u00f3n informada sobre las distintas alternativas alimentarias\u201d,<\/em> se\u00f1al\u00f3 la Dra. Parra.<\/p>\n\n\n\n<p>Por su parte, el Dr. Ricardo Villalobos Carvajal, acad\u00e9mico del Departamento de Ingenier\u00eda en Alimentos y miembro del directorio de la Sociedad Chilena de Ciencia y Tecnolog\u00eda de Alimentos (SOCHITAL), integr\u00f3 el Comit\u00e9 Organizador de las jornadas, contribuyendo al desarrollo de esta instancia que reuni\u00f3 a ambas comunidades disciplinares.<\/p>\n\n\n\n<p>Para el acad\u00e9mico, la realizaci\u00f3n conjunta permiti\u00f3 generar un espacio de encuentro entre \u00e1reas vinculadas estrechamente con la alimentaci\u00f3n, favoreciendo el intercambio de conocimientos y experiencias.<\/p>\n\n\n\n<p><em>\u201cEsta iniciativa permite reunir a profesionales y especialistas de distintas \u00e1reas en torno a temas que forman parte de un mismo \u00e1mbito de inter\u00e9s. La posibilidad de compartir conocimientos y experiencias entre la Nutrici\u00f3n y la Ingenier\u00eda en Alimentos resulta especialmente valiosa para abordar los desaf\u00edos actuales desde distintas perspectivas\u201d,<\/em> destac\u00f3 el Dr. Villalobos.<\/p>\n\n\n\n<p>La participaci\u00f3n de la Dra. Parra y el Dr. Villalobos permiti\u00f3 proyectar el trabajo acad\u00e9mico de la FACSA UBB en un espacio nacional de relevancia, aportando desde sus respectivas \u00e1reas al intercambio de conocimientos y a la discusi\u00f3n de los desaf\u00edos que actualmente enfrenta el \u00e1mbito de la alimentaci\u00f3n y la salud.<\/p>\n\n\n\n<figure class=\"wp-container-2 wp-block-gallery-1 wp-block-gallery has-nested-images columns-default is-cropped\">\n<figure class=\"wp-block-image size-large\"><img loading=\"lazy\" width=\"603\" height=\"400\" data-id=\"5804\"  src=\"http:\/\/webfacsa.ubiobio.cl\/wp-content\/uploads\/2026\/08\/solange_1-2-603x400.jpeg\" alt=\"\" class=\"wp-image-5804\" srcset=\"https:\/\/webfacsa.ubiobio.cl\/wp-content\/uploads\/2026\/08\/solange_1-2-603x400.jpeg 603w, https:\/\/webfacsa.ubiobio.cl\/wp-content\/uploads\/2026\/08\/solange_1-2-400x265.jpeg 400w, https:\/\/webfacsa.ubiobio.cl\/wp-content\/uploads\/2026\/08\/solange_1-2-768x509.jpeg 768w, https:\/\/webfacsa.ubiobio.cl\/wp-content\/uploads\/2026\/08\/solange_1-2.jpeg 1224w\" sizes=\"(max-width: 603px) 100vw, 603px\" \/><\/figure>\n\n\n\n<figure class=\"wp-block-image size-large\"><img loading=\"lazy\" width=\"533\" height=\"400\" data-id=\"5805\"  src=\"http:\/\/webfacsa.ubiobio.cl\/wp-content\/uploads\/2026\/08\/image-5-2-533x400.png\" alt=\"\" class=\"wp-image-5805\" srcset=\"https:\/\/webfacsa.ubiobio.cl\/wp-content\/uploads\/2026\/08\/image-5-2-533x400.png 533w, https:\/\/webfacsa.ubiobio.cl\/wp-content\/uploads\/2026\/08\/image-5-2-400x300.png 400w, https:\/\/webfacsa.ubiobio.cl\/wp-content\/uploads\/2026\/08\/image-5-2-768x576.png 768w, https:\/\/webfacsa.ubiobio.cl\/wp-content\/uploads\/2026\/08\/image-5-2.png 1280w\" sizes=\"(max-width: 533px) 100vw, 533px\" \/><\/figure>\n<\/figure>\n\n\n\n<figure class=\"wp-container-4 wp-block-gallery-3 wp-block-gallery has-nested-images columns-default is-cropped\">\n<figure class=\"wp-block-image size-large\"><img loading=\"lazy\" width=\"300\" height=\"400\" data-id=\"5807\"  src=\"http:\/\/webfacsa.ubiobio.cl\/wp-content\/uploads\/2026\/08\/image-7-2-300x400.png\" alt=\"\" class=\"wp-image-5807\" srcset=\"https:\/\/webfacsa.ubiobio.cl\/wp-content\/uploads\/2026\/08\/image-7-2-300x400.png 300w, https:\/\/webfacsa.ubiobio.cl\/wp-content\/uploads\/2026\/08\/image-7-2-225x300.png 225w, https:\/\/webfacsa.ubiobio.cl\/wp-content\/uploads\/2026\/08\/image-7-2.png 585w\" sizes=\"(max-width: 300px) 100vw, 300px\" \/><\/figure>\n\n\n\n<figure class=\"wp-block-image size-large\"><img loading=\"lazy\" width=\"300\" height=\"400\" data-id=\"5806\"  src=\"http:\/\/webfacsa.ubiobio.cl\/wp-content\/uploads\/2026\/08\/image-6-1-300x400.png\" alt=\"\" class=\"wp-image-5806\" srcset=\"https:\/\/webfacsa.ubiobio.cl\/wp-content\/uploads\/2026\/08\/image-6-1-300x400.png 300w, https:\/\/webfacsa.ubiobio.cl\/wp-content\/uploads\/2026\/08\/image-6-1-225x300.png 225w, https:\/\/webfacsa.ubiobio.cl\/wp-content\/uploads\/2026\/08\/image-6-1-768x1024.png 768w, https:\/\/webfacsa.ubiobio.cl\/wp-content\/uploads\/2026\/08\/image-6-1.png 960w\" sizes=\"(max-width: 300px) 100vw, 300px\" \/><\/figure>\n<\/figure>\n","protected":false},"excerpt":{"rendered":"<p>La Facultad de Ciencias de la Salud y de los Alimentos de la Universidad del B\u00edo-B\u00edo tuvo una destacada participaci\u00f3n en las XXIV Jornadas SOCHINUT y I Jornadas Conjuntas SOCHINUT\u2013SOCHITAL \u201cInnovaci\u00f3n en Alimentos y Nutrici\u00f3n\u201d, realizadas en la Universidad San Sebasti\u00e1n, sede Bellavista, en Santiago. El encuentro reuni\u00f3 por primera vez a las comunidades cient\u00edficas [&hellip;]<\/p>\n","protected":false},"author":3,"featured_media":5809,"comment_status":"open","ping_status":"open","sticky":false,"template":"","format":"standard","meta":[],"categories":[1],"tags":[],"_links":{"self":[{"href":"https:\/\/webfacsa.ubiobio.cl\/index.php\/wp-json\/wp\/v2\/posts\/5795"}],"collection":[{"href":"https:\/\/webfacsa.ubiobio.cl\/index.php\/wp-json\/wp\/v2\/posts"}],"about":[{"href":"https:\/\/webfacsa.ubiobio.cl\/index.php\/wp-json\/wp\/v2\/types\/post"}],"author":[{"embeddable":true,"href":"https:\/\/webfacsa.ubiobio.cl\/index.php\/wp-json\/wp\/v2\/users\/3"}],"replies":[{"embeddable":true,"href":"https:\/\/webfacsa.ubiobio.cl\/index.php\/wp-json\/wp\/v2\/comments?post=5795"}],"version-history":[{"count":2,"href":"https:\/\/webfacsa.ubiobio.cl\/index.php\/wp-json\/wp\/v2\/posts\/5795\/revisions"}],"predecessor-version":[{"id":5810,"href":"https:\/\/webfacsa.ubiobio.cl\/index.php\/wp-json\/wp\/v2\/posts\/5795\/revisions\/5810"}],"wp:featuredmedia":[{"embeddable":true,"href":"https:\/\/webfacsa.ubiobio.cl\/index.php\/wp-json\/wp\/v2\/media\/5809"}],"wp:attachment":[{"href":"https:\/\/webfacsa.ubiobio.cl\/index.php\/wp-json\/wp\/v2\/media?parent=5795"}],"wp:term":[{"taxonomy":"category","embeddable":true,"href":"https:\/\/webfacsa.ubiobio.cl\/index.php\/wp-json\/wp\/v2\/categories?post=5795"},{"taxonomy":"post_tag","embeddable":true,"href":"https:\/\/webfacsa.ubiobio.cl\/index.php\/wp-json\/wp\/v2\/tags?post=5795"}],"curies":[{"name":"wp","href":"https:\/\/api.w.org\/{rel}","templated":true}]}}